{"id":823,"date":"2025-05-21T13:35:00","date_gmt":"2025-05-21T12:35:00","guid":{"rendered":"https:\/\/ujezd.wenesec.cloud\/index.php\/2025\/05\/21\/29-rocnik-memorial-jana-hutkaye-st-2\/"},"modified":"2025-05-21T13:35:00","modified_gmt":"2025-05-21T12:35:00","slug":"29-rocnik-memorial-jana-hutkaye-st-2","status":"publish","type":"post","link":"https:\/\/kuzelkyujezd.cz\/index.php\/2025\/05\/21\/29-rocnik-memorial-jana-hutkaye-st-2\/","title":{"rendered":"29 ro\u010dn\u00edk Memori\u00e1l Jana Hutkaye st."},"content":{"rendered":"<p>Pozv\u00e1nka na Memori\u00e1l<\/p>\n","protected":false},"excerpt":{"rendered":"<p>Pozv\u00e1nka na Memori\u00e1l<\/p>\n","protected":false},"author":0,"featured_media":821,"comment_status":"","ping_status":"","sticky":false,"template":"","format":"standard","meta":{"_acf_changed":false,"inline_featured_image":false,"ub_ctt_via":"","footnotes":""},"categories":[1],"tags":[],"class_list":["post-823","post","type-post","status-publish","format-standard","has-post-thumbnail","hentry","category-uncategorized"],"acf":[],"featured_image_src":"https:\/\/kuzelkyujezd.cz\/wp-content\/uploads\/2025\/05\/Memorial-29-682dc85127870.jpg","author_info":{"display_name":"","author_link":"https:\/\/kuzelkyujezd.cz\/index.php\/author\/"},"_links":{"self":[{"href":"https:\/\/kuzelkyujezd.cz\/index.php\/wp-json\/wp\/v2\/posts\/823","targetHints":{"allow":["GET"]}}],"collection":[{"href":"https:\/\/kuzelkyujezd.cz\/index.php\/wp-json\/wp\/v2\/posts"}],"about":[{"href":"https:\/\/kuzelkyujezd.cz\/index.php\/wp-json\/wp\/v2\/types\/post"}],"replies":[{"embeddable":true,"href":"https:\/\/kuzelkyujezd.cz\/index.php\/wp-json\/wp\/v2\/comments?post=823"}],"version-history":[{"count":0,"href":"https:\/\/kuzelkyujezd.cz\/index.php\/wp-json\/wp\/v2\/posts\/823\/revisions"}],"wp:featuredmedia":[{"embeddable":true,"href":"https:\/\/kuzelkyujezd.cz\/index.php\/wp-json\/wp\/v2\/media\/821"}],"wp:attachment":[{"href":"https:\/\/kuzelkyujezd.cz\/index.php\/wp-json\/wp\/v2\/media?parent=823"}],"wp:term":[{"taxonomy":"category","embeddable":true,"href":"https:\/\/kuzelkyujezd.cz\/index.php\/wp-json\/wp\/v2\/categories?post=823"},{"taxonomy":"post_tag","embeddable":true,"href":"https:\/\/kuzelkyujezd.cz\/index.php\/wp-json\/wp\/v2\/tags?post=823"}],"curies":[{"name":"wp","href":"https:\/\/api.w.org\/{rel}","templated":true}]}}