{"id":1279,"date":"2025-12-11T08:47:19","date_gmt":"2025-12-11T07:47:19","guid":{"rendered":"https:\/\/kuzelkyujezd.cz\/index.php\/2025\/12\/11\/prevor-oddilu-memorial-vaclava-kunese\/"},"modified":"2025-12-11T08:48:41","modified_gmt":"2025-12-11T07:48:41","slug":"prevor-oddilu-memorial-vaclava-kunese","status":"publish","type":"post","link":"https:\/\/kuzelkyujezd.cz\/index.php\/2025\/12\/11\/prevor-oddilu-memorial-vaclava-kunese\/","title":{"rendered":"P\u0159ebor odd\u00edlu (Memori\u00e1l V\u00e1clava Kune\u0161e)"},"content":{"rendered":"","protected":false},"excerpt":{"rendered":"","protected":false},"author":0,"featured_media":1278,"comment_status":"closed","ping_status":"","sticky":false,"template":"","format":"standard","meta":{"_acf_changed":false,"inline_featured_image":false,"ub_ctt_via":"","footnotes":""},"categories":[1],"tags":[],"class_list":["post-1279","post","type-post","status-publish","format-standard","has-post-thumbnail","hentry","category-uncategorized"],"acf":[],"featured_image_src":"https:\/\/kuzelkyujezd.cz\/wp-content\/uploads\/2025\/12\/Oddilove-prebory-693a76fe2e231.avif","author_info":{"display_name":"","author_link":"https:\/\/kuzelkyujezd.cz\/index.php\/author\/"},"_links":{"self":[{"href":"https:\/\/kuzelkyujezd.cz\/index.php\/wp-json\/wp\/v2\/posts\/1279","targetHints":{"allow":["GET"]}}],"collection":[{"href":"https:\/\/kuzelkyujezd.cz\/index.php\/wp-json\/wp\/v2\/posts"}],"about":[{"href":"https:\/\/kuzelkyujezd.cz\/index.php\/wp-json\/wp\/v2\/types\/post"}],"replies":[{"embeddable":true,"href":"https:\/\/kuzelkyujezd.cz\/index.php\/wp-json\/wp\/v2\/comments?post=1279"}],"version-history":[{"count":1,"href":"https:\/\/kuzelkyujezd.cz\/index.php\/wp-json\/wp\/v2\/posts\/1279\/revisions"}],"predecessor-version":[{"id":1280,"href":"https:\/\/kuzelkyujezd.cz\/index.php\/wp-json\/wp\/v2\/posts\/1279\/revisions\/1280"}],"wp:featuredmedia":[{"embeddable":true,"href":"https:\/\/kuzelkyujezd.cz\/index.php\/wp-json\/wp\/v2\/media\/1278"}],"wp:attachment":[{"href":"https:\/\/kuzelkyujezd.cz\/index.php\/wp-json\/wp\/v2\/media?parent=1279"}],"wp:term":[{"taxonomy":"category","embeddable":true,"href":"https:\/\/kuzelkyujezd.cz\/index.php\/wp-json\/wp\/v2\/categories?post=1279"},{"taxonomy":"post_tag","embeddable":true,"href":"https:\/\/kuzelkyujezd.cz\/index.php\/wp-json\/wp\/v2\/tags?post=1279"}],"curies":[{"name":"wp","href":"https:\/\/api.w.org\/{rel}","templated":true}]}}