{"id":1217,"date":"2025-08-25T05:32:28","date_gmt":"2025-08-25T04:32:28","guid":{"rendered":"https:\/\/kuzelkyujezd.cz\/index.php\/2025\/08\/25\/den-treti-2\/"},"modified":"2025-08-25T05:32:28","modified_gmt":"2025-08-25T04:32:28","slug":"den-treti-2","status":"publish","type":"post","link":"https:\/\/kuzelkyujezd.cz\/index.php\/2025\/08\/25\/den-treti-2\/","title":{"rendered":"Den t\u0159et\u00ed"},"content":{"rendered":"<p>I po t\u0159et\u00edm odehran\u00e9m dni se st\u00e1le na \u010dele dr\u017e\u00ed hr\u00e1\u010di Ban\u00ed\u010dku.<\/p>\n<p>Mezi jednotlivci se dr\u017e\u00ed na prvn\u00edm m\u00edst\u011b Tom\u00e1\u0161 Vrba 479 ze Sokolu Pec a mezi \u017eenami Zuzana Z\u00e1vesk\u00e1 432 z Ban\u00ed\u010dku.<\/p>\n","protected":false},"excerpt":{"rendered":"<p>I po t\u0159et\u00edm odehran\u00e9m dni se st\u00e1le na \u010dele dr\u017e\u00ed hr\u00e1\u010di Ban\u00ed\u010dku. Mezi jednotlivci se dr\u017e\u00ed na prvn\u00edm m\u00edst\u011b Tom\u00e1\u0161 Vrba 479 ze Sokolu Pec a mezi \u017eenami Zuzana Z\u00e1vesk\u00e1 432 z Ban\u00ed\u010dku.<\/p>\n","protected":false},"author":0,"featured_media":1215,"comment_status":"","ping_status":"","sticky":false,"template":"","format":"standard","meta":{"_acf_changed":false,"inline_featured_image":false,"ub_ctt_via":"","footnotes":""},"categories":[1],"tags":[],"class_list":["post-1217","post","type-post","status-publish","format-standard","has-post-thumbnail","hentry","category-uncategorized"],"acf":[],"featured_image_src":"https:\/\/kuzelkyujezd.cz\/wp-content\/uploads\/2025\/08\/den-3a-68abe6f4bccb4.avif","author_info":{"display_name":"","author_link":"https:\/\/kuzelkyujezd.cz\/index.php\/author\/"},"_links":{"self":[{"href":"https:\/\/kuzelkyujezd.cz\/index.php\/wp-json\/wp\/v2\/posts\/1217","targetHints":{"allow":["GET"]}}],"collection":[{"href":"https:\/\/kuzelkyujezd.cz\/index.php\/wp-json\/wp\/v2\/posts"}],"about":[{"href":"https:\/\/kuzelkyujezd.cz\/index.php\/wp-json\/wp\/v2\/types\/post"}],"replies":[{"embeddable":true,"href":"https:\/\/kuzelkyujezd.cz\/index.php\/wp-json\/wp\/v2\/comments?post=1217"}],"version-history":[{"count":0,"href":"https:\/\/kuzelkyujezd.cz\/index.php\/wp-json\/wp\/v2\/posts\/1217\/revisions"}],"wp:featuredmedia":[{"embeddable":true,"href":"https:\/\/kuzelkyujezd.cz\/index.php\/wp-json\/wp\/v2\/media\/1215"}],"wp:attachment":[{"href":"https:\/\/kuzelkyujezd.cz\/index.php\/wp-json\/wp\/v2\/media?parent=1217"}],"wp:term":[{"taxonomy":"category","embeddable":true,"href":"https:\/\/kuzelkyujezd.cz\/index.php\/wp-json\/wp\/v2\/categories?post=1217"},{"taxonomy":"post_tag","embeddable":true,"href":"https:\/\/kuzelkyujezd.cz\/index.php\/wp-json\/wp\/v2\/tags?post=1217"}],"curies":[{"name":"wp","href":"https:\/\/api.w.org\/{rel}","templated":true}]}}